{"id":3023,"date":"2021-02-15T16:48:32","date_gmt":"2021-02-15T15:48:32","guid":{"rendered":"https:\/\/it-heina.de\/?p=3023"},"modified":"2021-02-17T07:32:34","modified_gmt":"2021-02-17T06:32:34","slug":"fasnets-zeitschtig-2021-digital","status":"publish","type":"post","link":"https:\/\/it-heina.de\/?p=3023","title":{"rendered":"Fasnets-Zeitschtig 2021 \u2014 digital"},"content":{"rendered":"<!-- wp:paragraph {\"fontSize\":\"medium\"}--><div class=\"gridContainer\">\n<p class=\"has-medium-font-size\"><span class=\"has-inline-color has-black-color\">Das Finale unserer dies\u00adj\u00e4h\u00adri\u00adgen Fasnet 2021 \u2014 digital besteht aus zwei Teilen:<br><br><strong>Unserem Umzug im Flecken, ab 13.30 Uhr:<\/strong><br>Anl\u00e4sslich zu unserem 50. Zunftjubil\u00e4um im Jahr 2002 wurden Ausschnitte aus 50 Jahren der Umz\u00fcge zusammen gestellt.<br><br>Da wird man wieder jung, wenn man das&nbsp;sieht&nbsp;\ud83d\ude42<\/span><\/p>\n<\/div><!-- \/wp:paragraph-->\n\n<!-- wp:embed {\"url\":\"https:\/\/youtu.be\/bFXhyoGvnN4\",\"type\":\"video\",\"providerNameSlug\":\"youtube\",\"responsive\":true,\"className\":\"wp-embed-aspect-16-9 wp-has-aspect-ratio\"}--><div class=\"gridContainer\">\n<figure class=\"wp-block-embed is-type-video is-provider-youtube wp-block-embed-youtube wp-embed-aspect-16-9 wp-has-aspect-ratio\"><div class=\"wp-block-embed__wrapper\">\n<div class=\"embed-container\"><iframe loading=\"lazy\" title=\"Umzug im Flecken\" width=\"1778\" height=\"1000\" src=\"https:\/\/www.youtube.com\/embed\/bFXhyoGvnN4?feature=oembed\" frameborder=\"0\" allow=\"accelerometer; autoplay; clipboard-write; encrypted-media; gyroscope; picture-in-picture\" allowfullscreen><\/iframe><\/div>\n<\/div><\/figure>\n<\/div><!-- \/wp:embed-->\n\n<!-- wp:separator {\"className\":\"is-style-wide\"}--><div class=\"gridContainer\">\n<hr class=\"wp-block-separator is-style-wide\">\n<\/div><!-- \/wp:separator-->\n\n<!-- wp:paragraph {\"fontSize\":\"medium\"}--><div class=\"gridContainer\">\n<p class=\"has-medium-font-size\"><span class=\"has-inline-color has-black-color\"><strong>Das Fasnetsverbrennen, um 18.00 Uhr<\/strong><br>Am Ende der Fasnet wird der Narrenbaum abgebaut und die Fasnet verbrennt.<br>Auch in diesem Jahr.<br>Alles digital und zum Abschluss auch als Livestream.<br>Lasst euch \u00fcber\u00adra\u00adschen. Machen wir&nbsp;auch&nbsp;\ud83d\ude42<\/span><\/p>\n<\/div><!-- \/wp:paragraph-->\n\n<!-- wp:image {\"id\":3021,\"sizeSlug\":\"large\",\"linkDestination\":\"none\"}--><div class=\"gridContainer\">\n<figure class=\"wp-block-image size-large\"><a href=\"https:\/\/youtu.be\/U1my2YrAfbw?t=367\" target=\"_blank\" rel=\"noopener\"><img loading=\"lazy\" decoding=\"async\" width=\"1024\" height=\"576\" src=\"https:\/\/it-heina.de\/wp-content\/uploads\/2021\/02\/NZ-Herbertingen-digital-Fasnetsverbrennen-2-1024x576.jpg\" alt class=\"wp-image-3021\" srcset=\"https:\/\/it-heina.de\/wp-content\/uploads\/2021\/02\/NZ-Herbertingen-digital-Fasnetsverbrennen-2-1024x576.jpg 1024w, https:\/\/it-heina.de\/wp-content\/uploads\/2021\/02\/NZ-Herbertingen-digital-Fasnetsverbrennen-2-300x169.jpg 300w, https:\/\/it-heina.de\/wp-content\/uploads\/2021\/02\/NZ-Herbertingen-digital-Fasnetsverbrennen-2-768x432.jpg 768w, https:\/\/it-heina.de\/wp-content\/uploads\/2021\/02\/NZ-Herbertingen-digital-Fasnetsverbrennen-2-1232x693.jpg 1232w, https:\/\/it-heina.de\/wp-content\/uploads\/2021\/02\/NZ-Herbertingen-digital-Fasnetsverbrennen-2.jpg 1365w\" sizes=\"auto, (max-width: 1024px) 100vw, 1024px\"><\/a><\/figure>\n<\/div><!-- \/wp:image-->","protected":false},"excerpt":{"rendered":"<p>Das Finale unserer dies\u00adj\u00e4h\u00adri\u00adgen Fasnet 2021 \u2014 digital besteht aus zwei Teilen: Unserem Umzug im Flecken, ab 13.30 Uhr:Anl\u00e4sslich zu unserem 50. Zunftjubil\u00e4um im Jahr 2002 wurden Ausschnitte aus 50 Jahren der Umz\u00fcge zusammen gestellt. Da wird man wieder jung, wenn man das&nbsp;sieht&nbsp;\ud83d\ude42 Das Fasnetsverbrennen, um 18.00 UhrAm Ende der Fasnet wird der Narrenbaum abgebaut&nbsp;\u2026<\/p>\n","protected":false},"author":1,"featured_media":0,"comment_status":"closed","ping_status":"closed","sticky":false,"template":"","format":"standard","meta":{"wp_typography_post_enhancements_disabled":false,"footnotes":""},"categories":[1],"tags":[],"class_list":["post-3023","post","type-post","status-publish","format-standard","hentry","category-allgemein"],"_links":{"self":[{"href":"https:\/\/it-heina.de\/index.php?rest_route=\/wp\/v2\/posts\/3023","targetHints":{"allow":["GET"]}}],"collection":[{"href":"https:\/\/it-heina.de\/index.php?rest_route=\/wp\/v2\/posts"}],"about":[{"href":"https:\/\/it-heina.de\/index.php?rest_route=\/wp\/v2\/types\/post"}],"author":[{"embeddable":true,"href":"https:\/\/it-heina.de\/index.php?rest_route=\/wp\/v2\/users\/1"}],"replies":[{"embeddable":true,"href":"https:\/\/it-heina.de\/index.php?rest_route=%2Fwp%2Fv2%2Fcomments&post=3023"}],"version-history":[{"count":4,"href":"https:\/\/it-heina.de\/index.php?rest_route=\/wp\/v2\/posts\/3023\/revisions"}],"predecessor-version":[{"id":3039,"href":"https:\/\/it-heina.de\/index.php?rest_route=\/wp\/v2\/posts\/3023\/revisions\/3039"}],"wp:attachment":[{"href":"https:\/\/it-heina.de\/index.php?rest_route=%2Fwp%2Fv2%2Fmedia&parent=3023"}],"wp:term":[{"taxonomy":"category","embeddable":true,"href":"https:\/\/it-heina.de\/index.php?rest_route=%2Fwp%2Fv2%2Fcategories&post=3023"},{"taxonomy":"post_tag","embeddable":true,"href":"https:\/\/it-heina.de\/index.php?rest_route=%2Fwp%2Fv2%2Ftags&post=3023"}],"curies":[{"name":"wp","href":"https:\/\/api.w.org\/{rel}","templated":true}]}}