{"id":3278,"date":"2022-01-09T11:23:42","date_gmt":"2022-01-09T10:23:42","guid":{"rendered":"https:\/\/it-heina.de\/?p=3278"},"modified":"2022-01-09T11:24:34","modified_gmt":"2022-01-09T10:24:34","slug":"ausm-weihnachtsbaum-wird-en-narrabaum","status":"publish","type":"post","link":"https:\/\/it-heina.de\/?p=3278","title":{"rendered":"Ausm Weihnachtsbaum wird en Narrabaum"},"content":{"rendered":"<!-- wp:paragraph {\"textColor\":\"black\",\"fontSize\":\"normal\"}--><div class=\"gridContainer\">\n<p class=\"has-black-color has-text-color has-normal-font-size\">Falls ihr euren Christbaum noch nicht weg\u00adge\u00adschmis\u00adsen habt, dann laden wir euch auch in diesem Jahr wieder zu dieser <span class=\"has-inline-color has-black-color\">Aktion ein:<\/span><\/p>\n<\/div><!-- \/wp:paragraph-->\n\n<!-- wp:image {\"id\":2619,\"sizeSlug\":\"full\",\"linkDestination\":\"media\"}--><div class=\"gridContainer\">\n<figure class=\"wp-block-image size-full\"><a href=\"https:\/\/it-heina.de\/wp-content\/uploads\/2021\/01\/Narrenbaumaktion-2021-Flyer-q.png\"><img loading=\"lazy\" decoding=\"async\" width=\"768\" height=\"768\" src=\"https:\/\/it-heina.de\/wp-content\/uploads\/2021\/01\/Narrenbaumaktion-2021-Flyer-q.png\" alt class=\"wp-image-2619\" srcset=\"https:\/\/it-heina.de\/wp-content\/uploads\/2021\/01\/Narrenbaumaktion-2021-Flyer-q.png 768w, https:\/\/it-heina.de\/wp-content\/uploads\/2021\/01\/Narrenbaumaktion-2021-Flyer-q-300x300.png 300w, https:\/\/it-heina.de\/wp-content\/uploads\/2021\/01\/Narrenbaumaktion-2021-Flyer-q-150x150.png 150w\" sizes=\"auto, (max-width: 768px) 100vw, 768px\"><\/a><\/figure>\n<\/div><!-- \/wp:image-->\n\n<!-- wp:paragraph {\"textColor\":\"black\",\"fontSize\":\"normal\"}--><div class=\"gridContainer\">\n<p class=\"has-black-color has-text-color has-normal-font-size\">Schm\u00fcckt euren Christbaum zum Narrenbaum um, stellt ihn vors Haus und zeigt so, dass Fasnet ist.<\/p>\n<\/div><!-- \/wp:paragraph-->\n\n<!-- wp:paragraph {\"textColor\":\"black\",\"fontSize\":\"normal\"}--><div class=\"gridContainer\">\n<p class=\"has-black-color has-text-color has-normal-font-size\">Bilder eurer Narrenb\u00e4ume k\u00f6nnt ihr gerne an uns schicken: <a href=\"mailto:narrenbaum@it-heina.de\">narrenbaum@it-heina.de<\/a><br>Es w\u00e4re sch\u00f6n, wenn wir auch in diesem Jahr unsere Bildergalerie mit euren B\u00e4umen f\u00fcllen k\u00f6nnten.<\/p>\n<\/div><!-- \/wp:paragraph-->","protected":false},"excerpt":{"rendered":"<p>Falls ihr euren Christbaum noch nicht weg\u00adge\u00adschmis\u00adsen habt, dann laden wir euch auch in diesem Jahr wieder zu dieser Aktion ein: Schm\u00fcckt euren Christbaum zum Narrenbaum um, stellt ihn vors Haus und zeigt so, dass Fasnet ist. Bilder eurer Narrenb\u00e4ume k\u00f6nnt ihr gerne an uns schicken: narrenbaum@it-heina.deEs w\u00e4re sch\u00f6n, wenn wir auch in diesem Jahr&nbsp;\u2026<\/p>\n","protected":false},"author":1,"featured_media":0,"comment_status":"closed","ping_status":"closed","sticky":false,"template":"","format":"standard","meta":{"wp_typography_post_enhancements_disabled":false,"footnotes":""},"categories":[1],"tags":[],"class_list":["post-3278","post","type-post","status-publish","format-standard","hentry","category-allgemein"],"_links":{"self":[{"href":"https:\/\/it-heina.de\/index.php?rest_route=\/wp\/v2\/posts\/3278","targetHints":{"allow":["GET"]}}],"collection":[{"href":"https:\/\/it-heina.de\/index.php?rest_route=\/wp\/v2\/posts"}],"about":[{"href":"https:\/\/it-heina.de\/index.php?rest_route=\/wp\/v2\/types\/post"}],"author":[{"embeddable":true,"href":"https:\/\/it-heina.de\/index.php?rest_route=\/wp\/v2\/users\/1"}],"replies":[{"embeddable":true,"href":"https:\/\/it-heina.de\/index.php?rest_route=%2Fwp%2Fv2%2Fcomments&post=3278"}],"version-history":[{"count":2,"href":"https:\/\/it-heina.de\/index.php?rest_route=\/wp\/v2\/posts\/3278\/revisions"}],"predecessor-version":[{"id":3280,"href":"https:\/\/it-heina.de\/index.php?rest_route=\/wp\/v2\/posts\/3278\/revisions\/3280"}],"wp:attachment":[{"href":"https:\/\/it-heina.de\/index.php?rest_route=%2Fwp%2Fv2%2Fmedia&parent=3278"}],"wp:term":[{"taxonomy":"category","embeddable":true,"href":"https:\/\/it-heina.de\/index.php?rest_route=%2Fwp%2Fv2%2Fcategories&post=3278"},{"taxonomy":"post_tag","embeddable":true,"href":"https:\/\/it-heina.de\/index.php?rest_route=%2Fwp%2Fv2%2Ftags&post=3278"}],"curies":[{"name":"wp","href":"https:\/\/api.w.org\/{rel}","templated":true}]}}