{"id":3404,"date":"2022-02-25T10:40:00","date_gmt":"2022-02-25T09:40:00","guid":{"rendered":"https:\/\/it-heina.de\/?p=3404"},"modified":"2022-02-25T11:33:07","modified_gmt":"2022-02-25T10:33:07","slug":"kinderball-2022","status":"publish","type":"post","link":"https:\/\/it-heina.de\/?p=3404","title":{"rendered":"Kinderball 2022"},"content":{"rendered":"<!-- wp:paragraph {\"textColor\":\"black\",\"fontSize\":\"medium\"}--><div class=\"gridContainer\">\n<p class=\"has-black-color has-text-color has-medium-font-size\">Auch der Kinderball wird in diesem Jahr wieder digital und dohoim statt\u00adfin\u00adden.<br><br>Im Gegensatz zum letzten Jahr konnten die Kinder in diesem Jahr Proben. Eine Woche vor der Fasnet wurden ihre T\u00e4nze auf\u00adge\u00adnom\u00admen.<br><br>Aufnahmen aus dem Jahr 2018 und einen Einblick in das Familienleben der Familie Strohbutz-Schr\u00e4ttele-Weckenzwinger runden den Kinderball 2022 ab.<br><br>Viel Spa\u00df beim Mittanzen!<br><br>Wir freuen uns, wenn wir im n\u00e4chsten Jahr wieder zusammen in der Halle feiern k\u00f6nnen!<\/p>\n<\/div><!-- \/wp:paragraph-->\n\n<!-- wp:image {\"id\":3353,\"sizeSlug\":\"full\",\"linkDestination\":\"custom\"}--><div class=\"gridContainer\">\n<figure class=\"wp-block-image size-full\"><a href=\"https:\/\/youtu.be\/iKFM57hiG2Q\" target=\"_blank\" rel=\"noopener\"><img loading=\"lazy\" decoding=\"async\" width=\"768\" height=\"768\" src=\"https:\/\/it-heina.de\/wp-content\/uploads\/2022\/02\/IMG_20220214_201640_253.jpg\" alt class=\"wp-image-3353\" srcset=\"https:\/\/it-heina.de\/wp-content\/uploads\/2022\/02\/IMG_20220214_201640_253.jpg 768w, https:\/\/it-heina.de\/wp-content\/uploads\/2022\/02\/IMG_20220214_201640_253-300x300.jpg 300w, https:\/\/it-heina.de\/wp-content\/uploads\/2022\/02\/IMG_20220214_201640_253-150x150.jpg 150w\" sizes=\"auto, (max-width: 768px) 100vw, 768px\"><\/a><\/figure>\n<\/div><!-- \/wp:image-->","protected":false},"excerpt":{"rendered":"<p>Auch der Kinderball wird in diesem Jahr wieder digital und dohoim statt\u00adfin\u00adden. Im Gegensatz zum letzten Jahr konnten die Kinder in diesem Jahr Proben. Eine Woche vor der Fasnet wurden ihre T\u00e4nze auf\u00adge\u00adnom\u00admen. Aufnahmen aus dem Jahr 2018 und einen Einblick in das Familienleben der Familie Strohbutz-Schr\u00e4ttele-Weckenzwinger runden den Kinderball 2022&nbsp;ab. Viel Spa\u00df beim Mittanzen!&nbsp;\u2026<\/p>\n","protected":false},"author":1,"featured_media":0,"comment_status":"closed","ping_status":"closed","sticky":false,"template":"","format":"standard","meta":{"wp_typography_post_enhancements_disabled":false,"footnotes":""},"categories":[1],"tags":[],"class_list":["post-3404","post","type-post","status-publish","format-standard","hentry","category-allgemein"],"_links":{"self":[{"href":"https:\/\/it-heina.de\/index.php?rest_route=\/wp\/v2\/posts\/3404","targetHints":{"allow":["GET"]}}],"collection":[{"href":"https:\/\/it-heina.de\/index.php?rest_route=\/wp\/v2\/posts"}],"about":[{"href":"https:\/\/it-heina.de\/index.php?rest_route=\/wp\/v2\/types\/post"}],"author":[{"embeddable":true,"href":"https:\/\/it-heina.de\/index.php?rest_route=\/wp\/v2\/users\/1"}],"replies":[{"embeddable":true,"href":"https:\/\/it-heina.de\/index.php?rest_route=%2Fwp%2Fv2%2Fcomments&post=3404"}],"version-history":[{"count":3,"href":"https:\/\/it-heina.de\/index.php?rest_route=\/wp\/v2\/posts\/3404\/revisions"}],"predecessor-version":[{"id":3411,"href":"https:\/\/it-heina.de\/index.php?rest_route=\/wp\/v2\/posts\/3404\/revisions\/3411"}],"wp:attachment":[{"href":"https:\/\/it-heina.de\/index.php?rest_route=%2Fwp%2Fv2%2Fmedia&parent=3404"}],"wp:term":[{"taxonomy":"category","embeddable":true,"href":"https:\/\/it-heina.de\/index.php?rest_route=%2Fwp%2Fv2%2Fcategories&post=3404"},{"taxonomy":"post_tag","embeddable":true,"href":"https:\/\/it-heina.de\/index.php?rest_route=%2Fwp%2Fv2%2Ftags&post=3404"}],"curies":[{"name":"wp","href":"https:\/\/api.w.org\/{rel}","templated":true}]}}