{"id":3735,"date":"2023-07-21T09:32:51","date_gmt":"2023-07-21T07:32:51","guid":{"rendered":"https:\/\/it-heina.de\/?p=3735"},"modified":"2023-07-21T09:33:31","modified_gmt":"2023-07-21T07:33:31","slug":"angerfest-2023","status":"publish","type":"post","link":"https:\/\/it-heina.de\/?p=3735","title":{"rendered":"Angerfest 2023"},"content":{"rendered":"<!-- wp:paragraph {\"textColor\":\"black\",\"fontSize\":\"medium\"}--><div class=\"gridContainer\">\n<p class=\"has-black-color has-text-color has-medium-font-size\">Kommendes Wochenende von Samstag, 22. \u2014 Sonntag, 23. Juli ist wieder unser Angerfest.<br>Wir sind mit unserem Seelenparadies und Getr\u00e4nken wieder mit&nbsp;dabei.<\/p>\n<\/div><!-- \/wp:paragraph-->\n\n<!-- wp:paragraph {\"textColor\":\"black\",\"fontSize\":\"medium\"}--><div class=\"gridContainer\">\n<p class=\"has-black-color has-text-color has-medium-font-size\">Kommt vorbei und genie\u00dft ein paar sch\u00f6ne Stunden in Herbertingen!<\/p>\n<\/div><!-- \/wp:paragraph-->\n\n<!-- wp:image {\"id\":3733,\"sizeSlug\":\"large\",\"linkDestination\":\"media\"}--><div class=\"gridContainer\">\n<figure class=\"wp-block-image size-large\"><a href=\"https:\/\/it-heina.de\/wp-content\/uploads\/2023\/07\/IMG-20230710-WA0000-1.jpg\"><img loading=\"lazy\" decoding=\"async\" width=\"1024\" height=\"721\" src=\"https:\/\/it-heina.de\/wp-content\/uploads\/2023\/07\/IMG-20230710-WA0000-1-1024x721.jpg\" alt class=\"wp-image-3733\" srcset=\"https:\/\/it-heina.de\/wp-content\/uploads\/2023\/07\/IMG-20230710-WA0000-1-1024x721.jpg 1024w, https:\/\/it-heina.de\/wp-content\/uploads\/2023\/07\/IMG-20230710-WA0000-1-300x211.jpg 300w, https:\/\/it-heina.de\/wp-content\/uploads\/2023\/07\/IMG-20230710-WA0000-1-768x541.jpg 768w, https:\/\/it-heina.de\/wp-content\/uploads\/2023\/07\/IMG-20230710-WA0000-1.jpg 1076w\" sizes=\"auto, (max-width: 1024px) 100vw, 1024px\"><\/a><\/figure>\n<\/div><!-- \/wp:image-->\n\n<!-- wp:paragraph {\"textColor\":\"black\",\"fontSize\":\"medium\"}--><div class=\"gridContainer\">\n<p class=\"has-black-color has-text-color has-medium-font-size\">Es gibt ein reich\u00adhal\u00adti\u00adges musi\u00adka\u00adli\u00adsches Angebot, dazu am Sonntag der Kunsthandwerkermarkt und die Oldtimerschau.<\/p>\n<\/div><!-- \/wp:paragraph-->","protected":false},"excerpt":{"rendered":"<p>Kommendes Wochenende von Samstag, 22. \u2014 Sonntag, 23. Juli ist wieder unser Angerfest.Wir sind mit unserem Seelenparadies und Getr\u00e4nken wieder mit&nbsp;dabei. Kommt vorbei und genie\u00dft ein paar sch\u00f6ne Stunden in Herbertingen! Es gibt ein reich\u00adhal\u00adti\u00adges musi\u00adka\u00adli\u00adsches Angebot, dazu am Sonntag der Kunsthandwerkermarkt und die Oldtimerschau.<\/p>\n","protected":false},"author":1,"featured_media":0,"comment_status":"closed","ping_status":"closed","sticky":false,"template":"","format":"standard","meta":{"wp_typography_post_enhancements_disabled":false,"footnotes":""},"categories":[1],"tags":[],"class_list":["post-3735","post","type-post","status-publish","format-standard","hentry","category-allgemein"],"_links":{"self":[{"href":"https:\/\/it-heina.de\/index.php?rest_route=\/wp\/v2\/posts\/3735","targetHints":{"allow":["GET"]}}],"collection":[{"href":"https:\/\/it-heina.de\/index.php?rest_route=\/wp\/v2\/posts"}],"about":[{"href":"https:\/\/it-heina.de\/index.php?rest_route=\/wp\/v2\/types\/post"}],"author":[{"embeddable":true,"href":"https:\/\/it-heina.de\/index.php?rest_route=\/wp\/v2\/users\/1"}],"replies":[{"embeddable":true,"href":"https:\/\/it-heina.de\/index.php?rest_route=%2Fwp%2Fv2%2Fcomments&post=3735"}],"version-history":[{"count":2,"href":"https:\/\/it-heina.de\/index.php?rest_route=\/wp\/v2\/posts\/3735\/revisions"}],"predecessor-version":[{"id":3737,"href":"https:\/\/it-heina.de\/index.php?rest_route=\/wp\/v2\/posts\/3735\/revisions\/3737"}],"wp:attachment":[{"href":"https:\/\/it-heina.de\/index.php?rest_route=%2Fwp%2Fv2%2Fmedia&parent=3735"}],"wp:term":[{"taxonomy":"category","embeddable":true,"href":"https:\/\/it-heina.de\/index.php?rest_route=%2Fwp%2Fv2%2Fcategories&post=3735"},{"taxonomy":"post_tag","embeddable":true,"href":"https:\/\/it-heina.de\/index.php?rest_route=%2Fwp%2Fv2%2Ftags&post=3735"}],"curies":[{"name":"wp","href":"https:\/\/api.w.org\/{rel}","templated":true}]}}