{"id":610,"date":"2014-11-18T21:22:03","date_gmt":"2014-11-18T19:22:03","guid":{"rendered":"http:\/\/it-heina.de\/?p=610"},"modified":"2014-11-18T21:22:26","modified_gmt":"2014-11-18T19:22:26","slug":"umtausch-termin-kinderhaeser","status":"publish","type":"post","link":"https:\/\/it-heina.de\/?p=610","title":{"rendered":"Umtausch-Termin Kinderh\u00e4ser"},"content":{"rendered":"<div style=\"color: rgb(0, 0, 0); font-family: Verdana; font-size: 12px; line-height: normal;\">\n\tHallo H\u00e4str\u00e4ger,&nbsp;<\/div>\n<div style=\"color: rgb(0, 0, 0); font-family: Verdana; font-size: 12px; line-height: normal;\">\n\thallo Eltern der Narrenkinder,&nbsp;<\/div>\n<div style=\"color: rgb(0, 0, 0); font-family: Verdana; font-size: 12px; line-height: normal;\">\n\t&nbsp;\n<\/div>\n<div style=\"color: rgb(0, 0, 0); font-family: Verdana; font-size: 12px; line-height: normal;\">\n\tam&nbsp;Mittwoch, 26.11.2014 findet von 18:00 \u2014 19:30 Uhr in&nbsp;der&nbsp;<\/div>\n<div style=\"color: rgb(0, 0, 0); font-family: Verdana; font-size: 12px; line-height: normal;\">\n\tNarrenstube der Umtausch-Termin f\u00fcr die Kinderh\u00e4ser&nbsp;statt.&nbsp;<\/div>\n<div style=\"color: rgb(0, 0, 0); font-family: Verdana; font-size: 12px; line-height: normal;\">\n\t&nbsp;\n<\/div>\n<div style=\"color: rgb(0, 0, 0); font-family: Verdana; font-size: 12px; line-height: normal;\">\n\t&nbsp;\n<\/div>\n<div style=\"color: rgb(0, 0, 0); font-family: Verdana; font-size: 12px; line-height: normal;\">\n\tFreundliche Gr\u00fc\u00dfe&nbsp;<\/div>\n<div style=\"color: rgb(0, 0, 0); font-family: Verdana; font-size: 12px; line-height: normal;\">\n\t&nbsp;\n<\/div>\n<div style=\"color: rgb(0, 0, 0); font-family: Verdana; font-size: 12px; line-height: normal;\">\n\tNarrenzunft Herbertingen e.V.\n<\/div>\n<div style=\"color: rgb(0, 0, 0); font-family: Verdana; font-size: 12px; line-height: normal;\">\n\tJosef Steinacher&nbsp;<\/div>\n","protected":false},"excerpt":{"rendered":"<p>Hallo H\u00e4str\u00e4ger,&nbsp; hallo Eltern der Narrenkinder,&nbsp; &nbsp; am&nbsp;Mittwoch, 26.11.2014 findet von 18:00 \u2014 19:30 Uhr in&nbsp;der&nbsp; Narrenstube der Umtausch-Termin f\u00fcr die Kinderh\u00e4ser&nbsp;statt.&nbsp; &nbsp; &nbsp; Freundliche Gr\u00fc\u00dfe&nbsp; &nbsp; Narrenzunft Herbertingen e.V. Josef Steinacher&nbsp;<\/p>\n","protected":false},"author":1,"featured_media":0,"comment_status":"closed","ping_status":"closed","sticky":false,"template":"","format":"standard","meta":{"wp_typography_post_enhancements_disabled":false,"footnotes":""},"categories":[1],"tags":[],"class_list":["post-610","post","type-post","status-publish","format-standard","hentry","category-allgemein"],"_links":{"self":[{"href":"https:\/\/it-heina.de\/index.php?rest_route=\/wp\/v2\/posts\/610","targetHints":{"allow":["GET"]}}],"collection":[{"href":"https:\/\/it-heina.de\/index.php?rest_route=\/wp\/v2\/posts"}],"about":[{"href":"https:\/\/it-heina.de\/index.php?rest_route=\/wp\/v2\/types\/post"}],"author":[{"embeddable":true,"href":"https:\/\/it-heina.de\/index.php?rest_route=\/wp\/v2\/users\/1"}],"replies":[{"embeddable":true,"href":"https:\/\/it-heina.de\/index.php?rest_route=%2Fwp%2Fv2%2Fcomments&post=610"}],"version-history":[{"count":2,"href":"https:\/\/it-heina.de\/index.php?rest_route=\/wp\/v2\/posts\/610\/revisions"}],"predecessor-version":[{"id":612,"href":"https:\/\/it-heina.de\/index.php?rest_route=\/wp\/v2\/posts\/610\/revisions\/612"}],"wp:attachment":[{"href":"https:\/\/it-heina.de\/index.php?rest_route=%2Fwp%2Fv2%2Fmedia&parent=610"}],"wp:term":[{"taxonomy":"category","embeddable":true,"href":"https:\/\/it-heina.de\/index.php?rest_route=%2Fwp%2Fv2%2Fcategories&post=610"},{"taxonomy":"post_tag","embeddable":true,"href":"https:\/\/it-heina.de\/index.php?rest_route=%2Fwp%2Fv2%2Ftags&post=610"}],"curies":[{"name":"wp","href":"https:\/\/api.w.org\/{rel}","templated":true}]}}